{"id":4990,"date":"2016-07-12T18:05:48","date_gmt":"2016-07-12T18:05:48","guid":{"rendered":"http:\/\/summer3p.subotica.com\/?p=4990"},"modified":"2018-05-22T18:07:30","modified_gmt":"2018-05-22T18:07:30","slug":"vezbaj-um-i-telo-na-14-summer3p-festivalu","status":"publish","type":"post","link":"https:\/\/summer3p.org\/en\/vezbaj-um-i-telo-na-14-summer3p-festivalu\/","title":{"rendered":"Ve\u017ebaj um i telo na 14. Summer3p festivalu"},"content":{"rendered":"<p>Predstoje\u0107i 14. Summer3p festival, koji \u0107e se odr\u017eati od 21. do 24. jula na Termalnim bazenima i Mu\u0161kom \u0161trandu na Pali\u0107u, pored odli\u010dnog muzi\u010dkog programa pripremio je i bogat radioni\u010darski program, uz izlo\u017ebe i ve\u0107 tradicionalne raznovrsne sportske aktivnosti.<\/p>\n<p>Tokom trajanja festivala, svakog dana od 17 do 21 i od 23 do 01h, street art umetnik Otto Zakar (umetni\u010dko ime &#8211; TNG) dekorisa\u0107e festivalski prostor razli\u010ditim tipovima grafita (dve tehnike: &#8220;stencil art&#8220; &#8211; upotrebom \u0161ablona za crtanje i crtanje pixelima), a kreira\u0107e i unikatne majice posetiocima, dok \u0107e Tibor Liptak u petak, 22. jula (23-02h) i u nedelju u predve\u010dernjim satima, odr\u017eati zanimljivu frizersku i \u0161minkersku prezentaciju.<\/p>\n<p>Na prostoru Mu\u0161kog \u0161tranda postavljen je Ground Level Extreme Park u okviru kojeg \u0107e se, u nedelju, 24. jula (18-20h), odr\u017eati Ground Level Fest uz prezentacije ekstremnih sportova (Roleri, BMX..) i BMX flatland promo performans. Prezentacije \u0107e odr\u017eati \u010dlanovi kluba Ground Level.<\/p>\n<p>Summer3p festival se i ove godine bavi va\u017enim ekolo\u0161kim i dru\u0161tvenim temama, tako \u0107e poslednjeg festivalskog dana, 24. jula od 19 \u010dasova, biti odr\u017eana Javna prezentacija trenutnog statusa ekolo\u0161kog projekta za\u0161tite biodiverziteta jezera Pali\u0107 i Luda\u0161 pod nazivom \u201eKada \u0107emo se ponovo kupati u Pali\u0107u?&#8220;\u201c. Govori\u0107e Michell Rohmann (dipl. hidrolog, savetnik na projektu), a prezentacija \u0107e biti odr\u017eana okviru Porodi\u010dnog dana predstoje\u0107eg festivala.<\/p>\n<p>Organizatori Summer3p festivala su se trudili da i ove godine zadovolje najrazli\u010ditija interesovanja posetilaca organizuju\u0107i brojne radionice: likovnu, ekolo\u0161ku, poetsku, ali i razli\u010dite sportske aktivnosti.<\/p>\n<p>U periodu od 21. do 24. jula (17-20h), tokom trajanja celog Festivala, bi\u0107e odr\u017eana zanimljiva radionica \u201ePoezija u prostoru\u201c. Tokom radionice u\u010desnici \u0107e istra\u017eivati prostor bli\u017ee i dalje okoline. Svakog dana, u potrazi za inspirativnim mestom, polaznici \u0107e i\u0107i sve dalje od mesta na kojem se radionica odr\u017eava. Kada prona\u0111u to \u2019svoje\u2019 mesto polaznici imaju zadatak da opserviraju i da posmatranjem prona\u0111u prave re\u010di kojima bi se izrazili. Sa tim zamislima svi se vra\u0107aju po\u010detak, gde tehnikom cut-up i drugim srodnim tehnikama kreiraju slike od re\u010di, odnosno na taj na\u010din svaki polaznik \u2019pi\u0161e\u2019 svoju pesmu. Cut-up je posebna tehnika pisanja odnosno kreiranja vizuelne poezije uz pomod novinskog papira i drugih materijala na kojima postoje od\u0161tampani tekstovi, re\u010denice, slogani&#8230;<\/p>\n<p>Ekolo\u0161ka radionica za decu je namenjena svima koji su zainteresovani za odli\u010dan provod sa svojom decom, ali i za edukaciju u pravcu razvijanja ekololo\u0161ke svesti najmla\u0111ih, a sve u cilju unapre\u0111enja \u017eivotne sredine. Edukativni deo sastoja\u0107e se iz Eko kviza gde \u0107e se deca upoznati sa ekolo\u0161kim pojmovima (recikla\u017ea, ambala\u017ea, ekolo\u0161ki otisak&#8230;). Radionicu vodi Bjanka \u010cubrilo a odr\u017eava\u0107e se u subotu i nedelju u periodu od 18 do 19.30h.<\/p>\n<p>Pored u\u010de\u0161\u0107e u ekolo\u0161koj radionici, deca \u0107e u nedelju imati priliku da potpuno besplatno na zanimljiv na\u010din steknu osnovna znanja iz engleskog jezika uz Big Ben \u0161kolu engleskog jezika.<\/p>\n<p>Likovna radionica, koja ima tradiciju dugu 12 godina na festivalu, odr\u017eava\u0107e se svakog dana od 17 do 20 \u010dasova tokom trajanja festivala i otvorena je za sve zainteresovane, bez prethodnog prijavljivanje. Izlo\u017eba radova \u0107e se odr\u017eati na dan zatvaranja festivala. Radionicu vodi akademski slikar Emil Kadiri\u0107 iz Subotice.<\/p>\n<p>Sportska radionica: Svakog dana tokom trajanja festivala od 17 do 21h odr\u017eava\u0107e se sportski turniri u odbojci na pesku i speedmintonu. Koordinator radionice je Armin Halas.<\/p>\n<p>Za u\u010de\u0161\u0107e u radionicama dnevnog programa festivala prijave mo\u017eete poslati na email workshop3p@gmail.com sa nazna\u010denim podacima.<\/p>\n<p>Yoga program: Ispred Auroville tabora Zsolt Erd\u00e9lyi i Nagy Bogl\u00e1rka iz Ma\u0111arske, sa svojim specifi\u010dnim programom Laughing Yoga i Watsu vodenom masa\u017eom bi\u0107e posebni gosti i ovogodi\u0161njeg Summer3p festivala. Program \u0107e se odr\u017eavati u periodu od 21. do 24. jula u jutarnjim i popodnevnim terminima.<\/p>\n<p>Tako\u0111e, bi\u0107e odr\u017ean i Fitness3p pod nazivom Boost your body \u2013 veoma raznovrstan i zabavan Aerobik &amp; Fitness program u petak, subotu i nedelju, koji \u0107e naravno pratiti odli\u010dna muzika a koordinator Fitness3p programa bi\u0107e Emina Savin (N centar).<\/p>\n<p>Udru\u017eenje za podr\u0161ku osobama sa psihofizi\u010dkim smetnjama \u201eZaJedno\u201c iz Subotice, u\u010destvova\u0107e u subotu i nedelju u okviru dnevnog programa festivala sa dve aktivnosti u cilju unapre\u0111enja polo\u017eaja osoba sa invaliditetom kroz ostvarivanje njihovih prava na \u017eivot u zajednici. U subotu, 23. jula, oslikava\u0107e crte\u017eima platno uz koordinaciju akademskog slikara Emila Kadiri\u0107a a u nedelju \u0107e raditi na ukra\u0161avanju drvene ku\u0107ice za lutke koju je obezbedio \u201eEXIM\u201c doo iz Subotice.<\/p>\n<p>Posebno smo ponosni na na\u0161u SuTeam \u0161kolu sporta koja je namenjena deci uzrasta od 4 do 9 godina. Cilj ovog programa je da deca nau\u010de osnove sportova zastupljenih u na\u0161em okru\u017eenju: gimnastika, atletika, fudbal, odbojka, ko\u0161arka, plivanje, klizanje\u2026, kao i druge, manje zastupljene sportove kao \u0161to je jedrenje na vodi. Sa decom \u0107e isklju\u010divo raditi adekvatno obrazovan stru\u010dni kadar \u2013 diplomirani profesori sporta i fizi\u010dkog vaspitanja i apsolventi Fakulteta za sport i fizi\u010dko vaspitanje. Aktivnosti SuTeam \u0161kole sporta bi\u0107e odr\u017eane u subotu 23. jula i nedelju 24. jula u popodnevnim \u010dasovima.<\/p>\n<p>Vi\u0161e informacija o radionicama i dnevnim programima mo\u017eete prona\u0107i na sajtu festivala &#8211; www.summer3p.org<\/p>\n<p>Dnevni program Summer3p festivala se realizuje u saradnji sa Kancelarijom za mlade Grada Subotice i Fondacijom za omladinsku kulturu i stvarala\u0161tvo \u201eDanilo Ki\u0161\u201c iz Subotice.<\/p>\n<p>\u010cetrnaesti Summer3p festival predstavi\u0107e od 21. do 24. jula na Termalnim bazenima i Mu\u0161kom \u0161trandu kraj jezera Pali\u0107 jedinstven miks kvalitetne zabave i atraktivnih kulturnih sadr\u017eaja, uz obaveznu dozu aktivizma.<\/p>\n<p>Pored odli\u010dnog muzi\u010dkog programa, festival i ove godine nudi raznovrsne prate\u0107e programe sa posebnim akcentom na kreativnim sadr\u017eajima za najmla\u0111e, uz novinu od ovog izdanja \u2013 Porodi\u010dni dan u nedelju 24.07.<\/p>\n<p>Moon Stage \u0107e ove godine, u okviru muzi\u010dkog programa, izme\u0111u ostalih ugostiti austrijsku zvezdu u usponu Joyce Muniz, zatim poznati italijanski dvojac Dandi &amp; Ugo, zatim TKNO iz Srbije, nastupi\u0107e i ma\u0111arski producent i DJ Six Six, kao i Groove X (Slova\u010dka) i Underboki (Srbija) &#8211; pobednicu DJ konkursa za najbolji \u201ewarm up mix\u201c, koji je Summer3p organizovao u aprilu mesecu.<\/p>\n<p>Ulaznice se prodaju na ulazu u festivalski prostor, neposredno pre po\u010detka programa svakog dana. Cena ulaznice je za \u010detvrtak je 349 dinara, dok za petak i subotu iznosi 499 dinara. U nedelju, 24. jula, je 200 dinara a ulaz je besplatan od 17h za sve one koji donesu 3 prazne limenke od nekog pi\u0107a.<\/p>\n<p>Organizator Summer3p festivala je NVO A\u0160C.<\/p>\n<p>Summer3p festival podr\u017eavaju: Grad Subotica, AP Vojvodina, Kancelarija za mlade Subotica i Fondacija \u201eDanilo Ki\u0161\u201c.<\/p>","protected":false},"excerpt":{"rendered":"<p>Predstoje\u0107i 14. Summer3p festival, koji \u0107e se odr\u017eati od 21. do 24. jula na Termalnim bazenima i Mu\u0161kom \u0161trandu na Pali\u0107u, pored odli\u010dnog muzi\u010dkog programa pripremio je i bogat radioni\u010darski&#8230;<\/p>","protected":false},"author":1,"featured_media":4991,"comment_status":"open","ping_status":"open","sticky":false,"template":"","format":"standard","meta":{"footnotes":""},"categories":[1],"tags":[],"class_list":["post-4990","post","type-post","status-publish","format-standard","has-post-thumbnail","hentry","category-uncategorized"],"_links":{"self":[{"href":"https:\/\/summer3p.org\/en\/wp-json\/wp\/v2\/posts\/4990","targetHints":{"allow":["GET"]}}],"collection":[{"href":"https:\/\/summer3p.org\/en\/wp-json\/wp\/v2\/posts"}],"about":[{"href":"https:\/\/summer3p.org\/en\/wp-json\/wp\/v2\/types\/post"}],"author":[{"embeddable":true,"href":"https:\/\/summer3p.org\/en\/wp-json\/wp\/v2\/users\/1"}],"replies":[{"embeddable":true,"href":"https:\/\/summer3p.org\/en\/wp-json\/wp\/v2\/comments?post=4990"}],"version-history":[{"count":1,"href":"https:\/\/summer3p.org\/en\/wp-json\/wp\/v2\/posts\/4990\/revisions"}],"predecessor-version":[{"id":4992,"href":"https:\/\/summer3p.org\/en\/wp-json\/wp\/v2\/posts\/4990\/revisions\/4992"}],"wp:featuredmedia":[{"embeddable":true,"href":"https:\/\/summer3p.org\/en\/wp-json\/wp\/v2\/media\/4991"}],"wp:attachment":[{"href":"https:\/\/summer3p.org\/en\/wp-json\/wp\/v2\/media?parent=4990"}],"wp:term":[{"taxonomy":"category","embeddable":true,"href":"https:\/\/summer3p.org\/en\/wp-json\/wp\/v2\/categories?post=4990"},{"taxonomy":"post_tag","embeddable":true,"href":"https:\/\/summer3p.org\/en\/wp-json\/wp\/v2\/tags?post=4990"}],"curies":[{"name":"wp","href":"https:\/\/api.w.org\/{rel}","templated":true}]}}