{"id":5285,"date":"2018-07-21T20:07:07","date_gmt":"2018-07-21T20:07:07","guid":{"rendered":"http:\/\/summer3p.subotica.com\/?p=5285"},"modified":"2018-07-21T20:09:43","modified_gmt":"2018-07-21T20:09:43","slug":"porodicni-dan-kreativno-vreme-u-prirodi-za-celu-porodicu-na-16-summer3p-festivalu","status":"publish","type":"post","link":"https:\/\/summer3p.org\/en\/porodicni-dan-kreativno-vreme-u-prirodi-za-celu-porodicu-na-16-summer3p-festivalu\/","title":{"rendered":"Porodi\u010dni dan \u2013 kreativno vreme u prirodi za celu porodicu na 16. Summer3p festivalu"},"content":{"rendered":"<p><strong>Porodi\u010dni dan u okviru Pali\u0107kog Summer3p festivala u nedelju 22. jula nudi niz kreativnih programa u prirodi okrenutih celoj porodici<\/strong>. Ovaj program ima za cilj da spoji sada\u0161nje i nekada\u0161nje posetioce festivala, njihovu decu, ali i roditelje, te da na taj na\u010din napravi sinergiju generacija, koji \u0107e kreativno zabaviti i kvalitetno provesti vreme u prirodi.<\/p>\n<p><img loading=\"lazy\" decoding=\"async\" class=\"alignnone size-full wp-image-5246 aligncenter\" src=\"http:\/\/summer3p.org\/wp-content\/uploads\/2018\/06\/likovna.bmp\" alt=\"\" width=\"559\" height=\"374\" srcset=\"https:\/\/summer3p.org\/wp-content\/uploads\/2018\/06\/likovna.bmp 559w, https:\/\/summer3p.org\/wp-content\/uploads\/2018\/06\/likovna-300x201.bmp 300w\" sizes=\"auto, (max-width: 559px) 100vw, 559px\" \/><\/p>\n<p>\u201cOsim \u0161to na izuzetan na\u010din pribli\u017eava elektronsku muziku svima koji na ovaj festival dolaze da budu deo pozitivne energije leta na Pali\u0107u, Summer3p je i zbirno mesto za brojne edukativne programe, radionice i sportske aktivnosti. Porodi\u010dni dan se odr\u017eava u nedelju, poslednjeg dana festivala, kada \u0107e svi posetioci imati priliku da u\u017eivaju u radionicama, koncertima klasi\u010dne muzike, retrospektivnim izlo\u017ebama, ekolo\u0161kim performansima i drugim atraktivnim programima namenjenim celoj porodici na prostoru Termalnog bazena i Mu\u0161kog \u0161tranda obale jezera Pali\u0107\u201d, <strong>izjavio je Igor Halasevi\u0107<\/strong>, projektni menad\u017eer i koordinator dnevnog programa Summer3p Festivala.<\/p>\n<p>Tokom ovog dana od 15 do 22h kroz razli\u010dite kreativno-zabavne programe bi\u0107e predstavljeni najbolji lokalni i regionalni umetnici, udru\u017eenja, sportske i obrazovne inicijative, odr\u017eava\u0107e se radionice i drugi sadr\u017eaji za celu porodicu, \u010diji \u0107e \u010dlanovi biti u prilici da osete festivalsku atmosferu u predivnom okru\u017eenju kraj jezera Pali\u0107.<\/p>\n<p>Kao i do sada, jedan segment programa posve\u0107en je ekologiji, te \u0107e se u 16 \u010dasova odr\u017eati <strong>javna prezentacija i debata o za\u0161titi biodiverziteta jezera Pali\u0107<\/strong>, pod naslovom: \u201cKada \u0107emo se ponovo kupati u Pali\u0107u?\u201d, koju \u0107e voditi dipl. Hidrolog i savetnik na projektu Michell Rohman.<\/p>\n<p>U isto vreme o\u010dekuje nas <strong>nastup me\u0161ovitog hora<\/strong> ma\u0111arskog kulturno-umetni\u010dkog dru\u0161tva sa Pali\u0107a, a u 17 \u010dasova kamerni ansambl <strong>Garden Quartet<\/strong> priredi\u0107e letnji promenadni koncert.<\/p>\n<p>U popodnevnim \u010dasovima na prostoru Mu\u0161kog \u0161tranda, deca uzrasta od 3 do 12 godina uz pomo\u0107 \u010dlanova kluba ekstremnih sportova \u201c<strong>Ground Level<\/strong>\u201d, u\u010di\u0107e razli\u010dite tehnike vo\u017enje bicikla u okviru programa \u201eStaza spretnosti\u201c, dok \u0107e <strong>\u0160kola sporta \u201cSu Team<\/strong>\u201d Subotica, nakon 16 \u010dasova predstaviti svoje programe koji su namenjeni deci uzrasta od 4 do 9 godina. Cilj ovog programa je da deca nau\u010de osnove sportova zastupljenih u na\u0161em okru\u017eenju kao \u0161to su gimnastika, atletika, fudbal, odbojka, ko\u0161arka, plivanje, kao i druge, manje zastupljene sportove poput jedrenja na vodi. Sa decom \u0107e isklju\u010divo raditi adekvatno obrazovan stru\u010dni kadar \u2013 diplomirani profesori sporta i fizi\u010dkog vaspitanja i apsolventi Fakulteta za sport i fizi\u010dko vaspitanje.<\/p>\n<p>Ljubitelji sporta, od 17 \u010dasova, mo\u0107i \u0107e da u\u010destvuju u <strong>sportskom turniru u speedmintonu<\/strong>, a radionicu \u0107e voditi \u00a0Armin Halas. Tokom celog dana u tri termina, posebni gosti Porodi\u010dnog programa Summer3p festivala bi\u0107e Zsolt Erd\u00e9lyi i Nagy Bogl\u00e1rka iz Ma\u0111arske, sa svojim specifi\u010dnim programom <strong>Laughing Yoga i Watsu vodena masa\u017ea<\/strong>.<\/p>\n<p>U 18 \u010dasova bi\u0107e odr\u017ean <strong>Aerobik &amp; Fitness program N Centra<\/strong>, koji uz dobru muziku sa kombinacijom aerobik i plesnih pokreta vodi Emina Savin sa gostima, dok \u0107e Tibor Liptak \u201c<strong>Big Hair<\/strong>\u201d u poslepodnevnim satima prirediti zanimljiv frizerski i \u0161minkerski performans.<\/p>\n<p>I ove godine posetioci \u0107e mo\u0107i da pogledaju nekoliko interesantnih umetni\u010dkih izlo\u017ebi. Posebnu pa\u017enju \u0107e privu\u0107i <strong>izlo\u017eba radova nastalih na festivalskim radionicama <\/strong>od 2009. do 2018. Godine. Zanimljivu izlo\u017ebu lampi i skulptura, koje su izra\u0111ene od industrijskog i metalnog otpada predstavi\u0107e multimedijalni umetnik i rezident Festivala <strong>Jugoslav \u0106uga Sivi\u0107<\/strong>. Na festivalu \u0107e se na\u0107i i Izlo\u017eba fotografija <strong>Summer3p Festival Nasle\u0111e \u00d6r\u00f6ks\u00e9g Heritage<\/strong> 2003-2018, kao i Izlo\u017eba Joint Figures <strong>Jovane Zarubice i Olivera \u017divkovi\u0107a<\/strong>.<\/p>\n<p>Regionalni festival <strong>GIFEST<\/strong> predstavi\u0107e video projekciju gif-ova. GIFEST ima za cilj da na jednom mestu okupi autore koji se bave gif-om kao vizuelnom formom i time im pru\u017ei mogu\u0107nost i priliku da prika\u017eu svoje autorske radove.<\/p>\n<p>Svi koji \u017eele da se oprobaju svoj talenat, dobrodo\u0161li su da se od 17 do 20 \u010dasova pridru\u017ee na <strong>slikarskoj radionici<\/strong> koju vodi akademski slikar Emil Kadiri\u0107 iz Subotice. Pored likovne, bi\u0107e odr\u017eana i <strong>poetska radionica \u201cSummerDaDa\u201d <\/strong>koju \u0107e voditi Vladimir Milojkovi\u0107. Dada je internacionalni umetni\u010dki pokret koji se prvobitno pojavio u Zurichu. Ovim umetni\u010dkim pravcem se stvaraocu omogu\u0107ava potpuna sloboda u umetni\u010dkom izrazu. Cilj je izlazak iz okvira, eksperiment, stvaranje ne\u010deg novog. U okviru ove radionice fokus \u0107e pre svega biti na tehnikama pisanja koje su se prvobitno pojavile u vizuelnoj umetnosti. U isto vreme odr\u017ea\u0107e se i <strong>Slam poetry radionica<\/strong>, u okviru koje \u0107e Knji\u017eevni klub sa u\u010desnicima raditi na stvaranju rep poezije. Za u\u010de\u0161\u0107e na ovoj radionici nije potrebno da neko bude pisac, niti da ima bilo kakvo iskustvo. Sa \u010dlanovima kluba rade psihoterapeut, Jelena Janji\u0107, profesor muzi\u010dke kulture, Adam Radeti\u0107, i profesor srpskog jezika, Sanja Babi\u0107. Street art umetnik Otto Zakar &#8211; TNG, poziva posetioce da se od 17 do 20 \u010dasova pridru\u017ee na <strong>Street Art radionici <\/strong>koja donosi kombinaciju razli\u010ditih tipova uli\u010dne umetnosti-grafita, &#8220;stencil art&#8220; upotrebom \u0161ablona za crtanje na njihovim majicama! Svako ko donese majicu, mo\u017ee da izabere \u0161ablon I oslika je po \u017eelji.<\/p>\n<p>Posetioci \u0107e mo\u0107i da u\u010destvuju i u sjajnim dru\u0161tvenim igrama, a prvi ovakav klub u Subotici &#8222;Collected Company&#8220; pripremio je ne\u0161to sasvim druga\u010dije iz njihove kolekcije za Summer3p publiku.<\/p>\n<p>Festival solidarnosti promovisa\u0107e program \u201c<strong>Mo\u017eemo i mi<\/strong>\u201d \u0160id, Pre\u0161evo i Subotica sa lokalnim partnerskim organizacijama Crveni krst Subotica, LDA Subotica, UG \u00a0Olovka pi\u0161e srcem, UG ZaJedno, Gradsko udru\u017eenje za pomo\u0107 osobama sa autizmom, Fondacija Ana i Vlade Divac, uz podr\u0161ku Fondacije za otvoreno dru\u0161tvo.<\/p>\n<p><strong>\u0160esnaesto izdanje Summer3p festivala odr\u017eava se od 19. do 22. jula<\/strong> na Termalnim bazenima i Mu\u0161kom \u0161trandu kraj jezera Pali\u0107 uz verovatno najatraktiviniji muzi\u010dki program do sad i jedinstven miks kvalitetne zabave i atraktivnih kulturnih sadr\u017eaja, uz obaveznu dozu aktivizma.<\/p>\n<p>U okviru muzi\u010dkog programa nastupa preko 20 izvo\u0111a\u010da, me\u0111u njima i tehno DJ i producent Uto Karem, legendarni \u0161kotski Silicon Soul, slova\u010dki tehno-haus DJ, Denes Toth, mladi ma\u0111arski virtuozni DJ dvojac Secret Factory, kao i hip-hop izvo\u0111a\u010di Ajs Nigrutin i Timbe.<\/p>\n<p>Summer3p festival podr\u017eavaju: Grad Subotica, AP Vojvodina, Kancelarija za mlade Subotica i Fondacija \u201eDanilo Ki\u0161\u201c.<\/p>\n<p>&nbsp;<\/p>\n<p>&nbsp;<\/p>","protected":false},"excerpt":{"rendered":"<p>Porodi\u010dni dan u okviru Pali\u0107kog Summer3p festivala u nedelju 22. jula nudi niz kreativnih programa u prirodi okrenutih celoj porodici. Ovaj program ima za cilj da spoji sada\u0161nje i nekada\u0161nje&#8230;<\/p>","protected":false},"author":1,"featured_media":5287,"comment_status":"open","ping_status":"open","sticky":false,"template":"","format":"standard","meta":{"footnotes":""},"categories":[1],"tags":[],"class_list":["post-5285","post","type-post","status-publish","format-standard","has-post-thumbnail","hentry","category-uncategorized"],"_links":{"self":[{"href":"https:\/\/summer3p.org\/en\/wp-json\/wp\/v2\/posts\/5285","targetHints":{"allow":["GET"]}}],"collection":[{"href":"https:\/\/summer3p.org\/en\/wp-json\/wp\/v2\/posts"}],"about":[{"href":"https:\/\/summer3p.org\/en\/wp-json\/wp\/v2\/types\/post"}],"author":[{"embeddable":true,"href":"https:\/\/summer3p.org\/en\/wp-json\/wp\/v2\/users\/1"}],"replies":[{"embeddable":true,"href":"https:\/\/summer3p.org\/en\/wp-json\/wp\/v2\/comments?post=5285"}],"version-history":[{"count":1,"href":"https:\/\/summer3p.org\/en\/wp-json\/wp\/v2\/posts\/5285\/revisions"}],"predecessor-version":[{"id":5286,"href":"https:\/\/summer3p.org\/en\/wp-json\/wp\/v2\/posts\/5285\/revisions\/5286"}],"wp:featuredmedia":[{"embeddable":true,"href":"https:\/\/summer3p.org\/en\/wp-json\/wp\/v2\/media\/5287"}],"wp:attachment":[{"href":"https:\/\/summer3p.org\/en\/wp-json\/wp\/v2\/media?parent=5285"}],"wp:term":[{"taxonomy":"category","embeddable":true,"href":"https:\/\/summer3p.org\/en\/wp-json\/wp\/v2\/categories?post=5285"},{"taxonomy":"post_tag","embeddable":true,"href":"https:\/\/summer3p.org\/en\/wp-json\/wp\/v2\/tags?post=5285"}],"curies":[{"name":"wp","href":"https:\/\/api.w.org\/{rel}","templated":true}]}}