{"id":5498,"date":"2019-06-28T07:48:13","date_gmt":"2019-06-28T07:48:13","guid":{"rendered":"http:\/\/summer3p.subotica.com\/?p=5498"},"modified":"2019-06-28T07:51:30","modified_gmt":"2019-06-28T07:51:30","slug":"velikani-elektro-scene-na-17-summer3p-festivalu","status":"publish","type":"post","link":"https:\/\/summer3p.org\/en\/velikani-elektro-scene-na-17-summer3p-festivalu\/","title":{"rendered":"Velikani elektro scene na 17. Summer3p festivalu"},"content":{"rendered":"<p><strong>Sedamnaesti Summer3p festival, koji se odr\u017eava od 26. do 28. jula na atraktivnoj lokaciji Mu\u0161kog \u0161tranda kraj Pali\u0107kog jezera najavljuje poznata imena svetske elektro scene, ali i uzbudljiv prate\u0107i program. <\/strong><\/p>\n<p><strong>\u00a0<\/strong>\u010cuveni producent, DJ i muzi\u010dar, osniva\u010d kultne i veoma uticajne izdava\u010dke ku\u0107e Mo&#8217;Wax, <strong>James Lavelle,<\/strong> nastupi\u0107e kao najve\u0107a zvezda 17. Summer3p festivala 26. jula, a dan ranije bi\u0107e odr\u017eana u okviru 26. Festivala evropskog filma Pali\u0107, u bioskopu Abazija projekcija filma &#8222;<strong>The Man From The Mo&#8217;Wax<\/strong>&#8220; upravo o \u017eivotu i radu Lavella. Gostovanje eminentnog engleskog producenta, osniva\u010da legendarnog projekta UNKLE, rezultat je saradnje Festivala evropskog filma Pali\u0107 i Summer3pa.<\/p>\n<p>Iste ve\u010deri nastupi\u0107e i iskusni ma\u0111arski DJ <strong>Davko<\/strong>, dok \u0107e sutradan, u subotu 27. jula, cenjeni francuski DJ <strong>Matt Sassari<\/strong> predstaviti svoju atraktivnu viziju techna i tech-housea. Nakon Matta nastupi\u0107e <strong>Nick Reverse<\/strong>, italijanski DJ sa australijskom adresom, osniva\u010d brenda WeLove: izdava\u010dke ku\u0107e, agencije i serijala uspe\u0161nih \u017eurki.<\/p>\n<p>Summer3p \u0107e i u okviru ovog izdanja predstaviti najbolju selekciju lokalnih DJ-eva: <strong>Chrono aka Daltonist<\/strong>, <strong>Migazz<\/strong>, <strong>Ascaloon<\/strong>, <strong>Hansol<\/strong> b2b <strong>No Else<\/strong>, <strong>Andy Dee<\/strong> i <strong>Neomodern.<\/strong><\/p>\n<p>&#8222;Nakon 16 godina na termalnom bazenu, 17. izdanje Summer3p festivala promeni\u0107e lokaciju. Trenutno je bazen gradili\u0161te i do povratka na staru lokaciju, Summer3p \u0107e se odr\u017eati na Mu\u0161kom \u0161trandu na obali jezera kod nekada\u0161njeg ulaza na termalni bazen. Produkcija i koncept ostaju nepromenjeni: dnevni program, no\u0107ni program, radionice, sport, muzika i popularni Porodi\u010dni dan u nedelju.<\/p>\n<p>Ove godine imamo b2b saradnju sa Festivalom evropskog filma, naime, DJ James Lavelle iz Engleske nastupi\u0107e na Summer3p festivalu a dan ranije, u okviru fimskog festivala, u bioskopu Abazija, bi\u0107e prikazan dokumentarac o njegovom turbulentnom \u017eivotu koji je izuzetno \u017eivopisan i zanimljiv.<\/p>\n<p>Prvi put, ima\u0107emo i DJ zvezdu iz Francuske a to je Matt Sassari koji \u0107e razmrdati elektro ekipu na njemu svojstven na\u010din. Bi\u0107e tu jo\u0161 i izvo\u0111a\u010di iz Italije, Ma\u0111arske i proverena doma\u0107a podr\u0161ka.<\/p>\n<p>Bez obzira na sve izazove sa kojima se suo\u010davamo tokom organizacije i same implementacije festivala, odlu\u010dili smo da nastavimo u istom ritmu vo\u0111eni na\u0161om misijom da predstavljamo savremene muzi\u010dke svetske trendove, \u010demu u prilog najbolje govori cena ulaznice koja je za sli\u010dan tip de\u0161avanja u na\u0161oj zemlji znatno skuplja. Drago nam da je Grad Subotica prepozano na\u0161 trud i pru\u017ea nam podr\u0161ku da istrajemo i nastavimo u A\u0160C duhu: &#8222;Anti \u0160und Corporation &#8211; Education For The Nation&#8220;, <strong>izjavio je povodom predstoje\u0107eg festivala Oliver Tomi\u0107, direktor komunikacija.\u00a0 <\/strong><\/p>\n<p>Festival i ove godine nudi raznovrsne prate\u0107e programe sa posebnim akcentom na kreativnim radionicama za najmla\u0111e, i \u201cPorodi\u010dnim danom\u201d u nedelju, 28. jula, koji \u0107e ponuditi zanimljive sadr\u017eaje za celu porodicu.<\/p>\n<p>Summer3p festival odr\u017eava se od 2003. godine na Termalnim bazenima i Mu\u0161kom \u0161trandu kraj jezera Pali\u0107. Festival sa ponosom nosi\u00a0 EFFE etiketu za 2017\/2018 i pripada grupi najboljih evropskih festivala u svojoj kategoriji. Festival je 2015. godine dobio priznanje za izuzetan doprinos razvoju turizma na Pali\u0107u, a od 2010. je uvr\u0161ten u zvani\u010dnu turisti\u010dku ponudu Grada Subotice, Vojvodine i Republike Srbije. O uspehu i kvalitetu Summer3p festivala tako\u0111e govori u prilog i to da ga je 2012. godine ugledni engleski \u010dasopis <a href=\"https:\/\/www.theguardian.com\/culture\/2012\/may\/26\/festivals-guide-2012-european\">The Guardian<\/a> uvrstio me\u0111u osam evropskih festivala koji se odr\u017eavaju na najatraktivnijim lokacijama.<\/p>\n<p>Summer3p festival podr\u017eavaju: Grad Subotica, AP Vojvodina, Kancelarija za mlade Subotica i Fondacija \u201eDanilo Ki\u0161\u201c.<\/p>\n<p>&nbsp;<\/p>","protected":false},"excerpt":{"rendered":"<p>Sedamnaesti Summer3p festival, koji se odr\u017eava od 26. do 28. jula na atraktivnoj lokaciji Mu\u0161kog \u0161tranda kraj Pali\u0107kog jezera najavljuje poznata imena svetske elektro scene, ali i uzbudljiv prate\u0107i program&#8230;.<\/p>","protected":false},"author":1,"featured_media":5501,"comment_status":"open","ping_status":"open","sticky":false,"template":"","format":"standard","meta":{"footnotes":""},"categories":[1],"tags":[],"class_list":["post-5498","post","type-post","status-publish","format-standard","has-post-thumbnail","hentry","category-uncategorized"],"_links":{"self":[{"href":"https:\/\/summer3p.org\/en\/wp-json\/wp\/v2\/posts\/5498","targetHints":{"allow":["GET"]}}],"collection":[{"href":"https:\/\/summer3p.org\/en\/wp-json\/wp\/v2\/posts"}],"about":[{"href":"https:\/\/summer3p.org\/en\/wp-json\/wp\/v2\/types\/post"}],"author":[{"embeddable":true,"href":"https:\/\/summer3p.org\/en\/wp-json\/wp\/v2\/users\/1"}],"replies":[{"embeddable":true,"href":"https:\/\/summer3p.org\/en\/wp-json\/wp\/v2\/comments?post=5498"}],"version-history":[{"count":1,"href":"https:\/\/summer3p.org\/en\/wp-json\/wp\/v2\/posts\/5498\/revisions"}],"predecessor-version":[{"id":5500,"href":"https:\/\/summer3p.org\/en\/wp-json\/wp\/v2\/posts\/5498\/revisions\/5500"}],"wp:featuredmedia":[{"embeddable":true,"href":"https:\/\/summer3p.org\/en\/wp-json\/wp\/v2\/media\/5501"}],"wp:attachment":[{"href":"https:\/\/summer3p.org\/en\/wp-json\/wp\/v2\/media?parent=5498"}],"wp:term":[{"taxonomy":"category","embeddable":true,"href":"https:\/\/summer3p.org\/en\/wp-json\/wp\/v2\/categories?post=5498"},{"taxonomy":"post_tag","embeddable":true,"href":"https:\/\/summer3p.org\/en\/wp-json\/wp\/v2\/tags?post=5498"}],"curies":[{"name":"wp","href":"https:\/\/api.w.org\/{rel}","templated":true}]}}