{"id":5554,"date":"2019-07-25T11:17:57","date_gmt":"2019-07-25T11:17:57","guid":{"rendered":"http:\/\/summer3p.subotica.com\/?p=5554"},"modified":"2019-07-26T11:20:11","modified_gmt":"2019-07-26T11:20:11","slug":"u-petak-pocinje-17-summer3p-festival","status":"publish","type":"post","link":"https:\/\/summer3p.org\/en\/u-petak-pocinje-17-summer3p-festival\/","title":{"rendered":"U petak po\u010dinje 17. Summer3p festival"},"content":{"rendered":"<p><strong>Sedamnaesti Summer3p festival<\/strong> odr\u017ea\u0107e se od <strong>od 26. do 28. jula<\/strong> na <strong>atraktivnoj lokaciji Mu\u0161kog \u0161tranda kraj Pali\u0107kog jezera<\/strong> uz uzbudljivi muzi\u010dki program i jedinstven miks kulturnih i sportskih programa u prirodi.<\/p>\n<p>\u010cuveni producent, DJ i muzi\u010dar, osniva\u010d kultne i veoma uticajne izdava\u010dke ku\u0107e Mo&#8217;Wax, <strong>James Lavelle,<\/strong> nastupi\u0107e kao najve\u0107a zvezda 17. Summer3p festivala 26. jula, a dan ranije bi\u0107e odr\u017eana u okviru 26. Festivala evropskog filma Pali\u0107, u bioskopu Abazija projekcija filma &#8222;<strong>The Man From The Mo&#8217;Wax<\/strong>&#8220; upravo o \u017eivotu i radu Lavella. Gostovanje eminentnog engleskog producenta, osniva\u010da legendarnog projekta UNKLE, rezultat je saradnje Festivala evropskog filma Pali\u0107 i Summer3pa.<\/p>\n<p>Iste ve\u010deri nastupi\u0107e i iskusni ma\u0111arski DJ <strong>Davko<\/strong>, dok \u0107e sutradan, u subotu 27. jula, francuska zvezda DJ <strong>Matt Sassari<\/strong> predstavi\u0107e svoju atraktivnu viziju techna i tech-housea. Nakon Matta nastupi\u0107e <strong>Nick Reverse<\/strong>, italijanski DJ sa australijskom adresom, osniva\u010d brenda WeLove: izdava\u010dke ku\u0107e, agencije i serijala uspe\u0161nih \u017eurki.<\/p>\n<p>\u201cVeoma se radujem nastupu na Summer3p festivalu, budite spremni na neverovatnu no\u0107!!\u201d, izjavio je <strong>Matt Sassari<\/strong> pred nastup kraj jezera Pali\u0107.<\/p>\n<p>Summer3p \u0107e i u okviru ovog izdanja predstaviti najbolju selekciju lokalnih DJ-eva: <strong>Chrono aka Daltonist<\/strong>, <strong>Migazz<\/strong>, <strong>Ascaloon<\/strong>, <strong>Hansol<\/strong> b2b <strong>No Else<\/strong>, <strong>Andy Dee<\/strong> i <strong>Neomodern.<\/strong><\/p>\n<p><strong>\u00a0<\/strong><strong>Satnica muzi\u010dkog programa<\/strong><\/p>\n<p><strong>\u00a0<\/strong>Petak, 26. jul<\/p>\n<p>22:00 Migazz<\/p>\n<p>23:30 Chrono aka Daltonist<\/p>\n<p>00:30 <strong>Davko<\/strong> [HU]<\/p>\n<p>02:00 <strong>James Lavelle<\/strong> [UK]<\/p>\n<p>&nbsp;<\/p>\n<p>Subota, 27. jul<\/p>\n<p>22:00 Hansol b2b No Else<\/p>\n<p>23:30 Ascaloon<\/p>\n<p>00:30 <strong>Nick Reverse<\/strong> [IT]<\/p>\n<p>02:00 <strong>Matt Sassari <\/strong>[FR]<\/p>\n<p>&nbsp;<\/p>\n<p>Nedelja 28. Jul<\/p>\n<p>16:30 \u2013 17:00 Peva\u010di italijanskog kulturnog centra \u201cPiazza Italija\u201d<\/p>\n<p>17:00 \u2013 18.00 Kamerni ansambl Garden Quartet<\/p>\n<p>18:00 \u2013 20:00 Andy Dee<\/p>\n<p>20:00 \u2013 22:00 Neomodern<\/p>\n<p>&nbsp;<\/p>\n<p>Za vizuelni deo \u017eurke svake ve\u010deri i ove godine bi\u0107e zadu\u017eena VJ ekipa Kids on Truth.<\/p>\n<p>Jednodnevne ulaznice \u0107e mo\u0107i da se kupe na ulazu u festivalski prostor po ceni od 399 dinara za petak, 26. jul, i 499 dinara, za subotu 27. jul. Poslednjeg festivalskog dana, u nedelju 28. jula, ulaz je slobodan.<\/p>\n<p>Festival i ove godine nudi raznovrsne prate\u0107e programe sa posebnim akcentom na kreativnim radionicama za najmla\u0111e, i \u201cPorodi\u010dnim danom\u201d u nedelju, 28. jula, koji \u0107e ponuditi zanimljive sadr\u017eaje za celu porodicu.<\/p>\n<p>Akademski slikar iz Subotice <strong>Emil Kadri\u0107<\/strong>, koji od samog po\u010detka brine o likovnom segmentu festivala, i ove godine vodi\u0107e kreativnu slikarsku radionicu na velikim platnima. Likovna radionica \u0107e se odr\u017eavati svakog dana od 17 do 20 \u010dasova tokom trajanja festivala. Poslednjeg dana bi\u0107e predstavljeni radovi nastali na ovoj radionici, a tokom trajanja celog festivala posetioci \u0107e imati priliku da pogledaju Izlo\u017ebu radova sa festivalskih radionica od 2009. do 2019. godine.<br \/>\nAkademska slikarka iz Subotice <strong>Ljiljana Horvat<\/strong> \u0107e odr\u017eati body painting radionicu za sve zainteresovane. Likovnu radionicu odr\u017ea\u0107e tako\u0111e i Udru\u017eenje \u201cZaJedno, a Klub igara Collected Company Subotica, organizova\u0107e na obali jezera takmi\u010denje u zanimljivim dru\u0161tvenim igrama.<\/p>\n<p>Tokom trajanja festivala, svakog dana od 17 do 20 \u010dasova, street art umetnik <strong>Otto Zakar (TNG)<\/strong> odr\u017ea\u0107e stencil art radionicu u kojoj \u0107e svi zainteresovani nau\u010diti kako da naprave \u0161ablone za crtanje, i kako da ih preslikaju na platno ili majicu.<\/p>\n<p><strong>Poetsku radionicu SummerDaDa vodi\u0107e Vladimir Milojkovi\u0107<\/strong>, performer, pisac i vizuelni stvaralac, dok \u0107e knji\u017eevnu radionicu poezije \u201eslam poetry\u201d voditi Jelena Janji\u0107, Sanja Babi\u0107 i Adam Radeti\u0107 iz Knji\u017eevnog kluba za mlade. Na festivalu \u0107e se na\u0107i i Izlo\u017eba fotografija \u201cSummer3p Festival Nasle\u0111e \u00d6r\u00f6ks\u00e9g Heritage 2003-2018\u201d a regionalni festival GIFEST prikaza\u0107e video projekciju gifova.<\/p>\n<p>Ni ove godine organizatori nisu zaboravili na sport, rekreaciju i zdrav \u017eivot.<\/p>\n<p>Joga programe u jutarnjim i poslepodnevnim \u010dasovima na obali jezera\u00a0 predstavljaju<strong> Zsolt Erd\u00e9lyi i Nagy Bogl\u00e1rka<\/strong>. Sportsku radionicu vodi\u0107e <strong>Armin Halas<\/strong>, te \u0107e se 28 jula od 17 do 21h odr\u017eavati sportski turnir u speedmintonu.<\/p>\n<p>Tokom \u201cPorodi\u010dnog dana\u201d, u nedelju 28 jula bi\u0107e organizovane i brojne promocije, me\u0111u njima i Aerobik &amp; Fitness program N Centra, koji uz dobru muziku sa kombinacijom aerobik i plesnih pokreta vodi <strong>Emina Savin<\/strong> sa gostima, dok \u0107e <strong>Tibor Liptak<\/strong> \u201cBig Hair\u201d u predve\u010dernjim satima\u00a0 odr\u017eati zanimljivu frizersku i \u0161minkersku prezentaciju. Tako\u0111e, na prostoru Mu\u0161kog \u0161tranda poslednjeg festivalskog dana, deca uzrasta od 4 do 9 godina uz pomo\u0107 \u010dlanova kluba \u0161kola sporta \u201e<strong>Su Team<\/strong>\u201c Subotica, predstaviti svoje programe koji su namenjeni da deca nau\u010de osnove sportova zastupljenih u na\u0161em okru\u017eenju kao \u0161to su gimnastika, atletika, fudbal, odbojka, ko\u0161arka , kao i druge, manje zastupljene sportove poput jedrenja na vodi.<\/p>\n<p>Za u\u010de\u0161\u0107e u radionicama dnevnog programa festivala prijave mo\u017eete poslati na email <strong>workshop3p@gmail.com<\/strong>. Vi\u0161e informacija o radionicama i dnevnim programima mo\u017eete prona\u0107i na sajtu festivala &#8211; <a href=\"https:\/\/summer3p.org\/en\/\"><strong>www.summer3p.org<\/strong><\/a><\/p>\n<p>Summer3p festival podr\u017eavaju: Grad Subotica, AP Vojvodina, Kancelarija za mlade Subotica i Fondacija \u201eDanilo Ki\u0161\u201c.<\/p>","protected":false},"excerpt":{"rendered":"<p>Sedamnaesti Summer3p festival odr\u017ea\u0107e se od od 26. do 28. jula na atraktivnoj lokaciji Mu\u0161kog \u0161tranda kraj Pali\u0107kog jezera uz uzbudljivi muzi\u010dki program i jedinstven miks kulturnih i sportskih programa&#8230;<\/p>","protected":false},"author":1,"featured_media":5357,"comment_status":"open","ping_status":"open","sticky":false,"template":"","format":"standard","meta":{"footnotes":""},"categories":[1],"tags":[],"class_list":["post-5554","post","type-post","status-publish","format-standard","has-post-thumbnail","hentry","category-uncategorized"],"_links":{"self":[{"href":"https:\/\/summer3p.org\/en\/wp-json\/wp\/v2\/posts\/5554","targetHints":{"allow":["GET"]}}],"collection":[{"href":"https:\/\/summer3p.org\/en\/wp-json\/wp\/v2\/posts"}],"about":[{"href":"https:\/\/summer3p.org\/en\/wp-json\/wp\/v2\/types\/post"}],"author":[{"embeddable":true,"href":"https:\/\/summer3p.org\/en\/wp-json\/wp\/v2\/users\/1"}],"replies":[{"embeddable":true,"href":"https:\/\/summer3p.org\/en\/wp-json\/wp\/v2\/comments?post=5554"}],"version-history":[{"count":1,"href":"https:\/\/summer3p.org\/en\/wp-json\/wp\/v2\/posts\/5554\/revisions"}],"predecessor-version":[{"id":5555,"href":"https:\/\/summer3p.org\/en\/wp-json\/wp\/v2\/posts\/5554\/revisions\/5555"}],"wp:featuredmedia":[{"embeddable":true,"href":"https:\/\/summer3p.org\/en\/wp-json\/wp\/v2\/media\/5357"}],"wp:attachment":[{"href":"https:\/\/summer3p.org\/en\/wp-json\/wp\/v2\/media?parent=5554"}],"wp:term":[{"taxonomy":"category","embeddable":true,"href":"https:\/\/summer3p.org\/en\/wp-json\/wp\/v2\/categories?post=5554"},{"taxonomy":"post_tag","embeddable":true,"href":"https:\/\/summer3p.org\/en\/wp-json\/wp\/v2\/tags?post=5554"}],"curies":[{"name":"wp","href":"https:\/\/api.w.org\/{rel}","templated":true}]}}