{"id":5556,"date":"2019-07-30T10:32:18","date_gmt":"2019-07-30T10:32:18","guid":{"rendered":"http:\/\/summer3p.subotica.com\/?p=5556"},"modified":"2020-12-10T14:01:37","modified_gmt":"2020-12-10T14:01:37","slug":"vise-od-5-000-ljudi-posetilo-17-summer3p-festival","status":"publish","type":"post","link":"https:\/\/summer3p.org\/en\/vise-od-5-000-ljudi-posetilo-17-summer3p-festival\/","title":{"rendered":"Vi\u0161e od 5.000 ljudi posetilo 17. Summer3p festival"},"content":{"rendered":"<p><strong>Sedamnaesti Summer3p festival, koji se odr\u017eao od 26. do 28. jula na atraktivnoj lokaciji Mu\u0161kog \u0161tranda kraj Pali\u0107kog jezera, posetilo je vi\u0161e od 5.000 ljudi, uprkos ki\u0161i koja je padala tokom dva od tri festivalska dana!<\/strong><\/p>\n<p><strong><br \/>\n<\/strong>Ovo je jo\u0161 jedan dokaz da Summer3p ima vernu publiku \u017eeljnu kvalitetnih muzi\u010dkih i kulturnih sadr\u017eaja. Nova lokacija opravdala je sva o\u010dekivanja a festivalski prostor je zablistao novim sjajem.<\/p>\n<p><img loading=\"lazy\" decoding=\"async\" class=\"aligncenter wp-image-5558 size-full\" src=\"http:\/\/summer3p.org\/wp-content\/uploads\/2019\/07\/DSC_9340_resize2.jpg\" alt=\"\" width=\"1350\" height=\"901\" \/><\/p>\n<p>\u010cuveni engleski producent, DJ i muzi\u010dar <strong>James Lavelle imao je odli\u010dan nastup <\/strong>26. jula, a dan ranije u punoj sali bioskopa Abazija odr\u017eana je u okviru 26. Festivala evropskog filma Pali\u0107 projekcija dokumentarnog filma &#8222;<strong>The Man From The Mo&#8217;Wax<\/strong>&#8220; upravo o \u017eivotu i radu Lavella. Gostovanje eminentnog engleskog producenta, osniva\u010da legendarnog projekta UNKLE, rezultat je saradnje Festivala evropskog filma Pali\u0107 i Summer3pa.<\/p>\n<p>U petak, 26. jula, nastupio je i iskusni DJ <strong>Davko <\/strong>opravdav\u0161i reputaciju jednog od najboljih DJ-eva u Ma\u0111arskoj.<\/p>\n<p>Francuska zvezda DJ <strong>Matt Sassari<\/strong> napravio je fenomenalnu \u017eurku u subotu, koju je pre njega na vi\u0161i nivo podigao <strong>Nick Reverse. <\/strong><\/p>\n<p><strong>\u00a0<\/strong>Porodi\u010dni dan, koji je odr\u017ean u nedelju 28. jula, posetilo je ukupno oko 1000 ljudi. Oni su u\u017eivali u raznim zanimljiveim sadr\u017eajima posve\u0107enim celoj porodici. Od 17 \u010dasova nastupio kamerni ansambl <strong>Garden Quartet<\/strong>, koji je svojim jedno\u010dasovnim nastupom odu\u0161evio sve prisutne i napravio nesvakida\u0161nju atmosferu na Mu\u0161kom \u0161trandu a zatim su nastupili su \u010dlanovi peva\u010dke sekcije italijanskog kulturnog centa \u201cPiazza Italija\u201d koju vodi <strong>Gordana Vidakovi\u0107. <\/strong>Atmosferu je nakon toga usijao fitness program u trajanju od 2 sata koji je muzi\u010dki za\u010dinio <strong>DJ Andy Dee<\/strong>. Za frizure se pobrinuo <strong>Tibor Liptak<\/strong>, pa su tako svi koji su \u017eeleli mogli da dobiju frizuru po \u017eelji u skladu sa festivalskom atmosferom. Svi posetioci imali su priliku da zaigraju sasvim druga\u010dije dru\u0161tvene igre za celu porodicu u dru\u0161tvu kluba ljubitelja dru\u0161tvenih igara <strong>\u201cCollected company\u201d<\/strong>. Porodi\u010dni dan, kao i sam festival, zatvorio je umetnik <strong>Neomodern<\/strong>, svojim izuzetnim muzi\u010dkim setom.<\/p>\n<p>Tokom trajanja festivala odr\u017eani su brojni prate\u0107i programi. Akademski slikar iz Subotice <strong>Emil Kadri\u0107<\/strong>, koji od samog po\u010detka brine o likovnom segmentu festivala, i ove godine vodio je kreativnu slikarsku radionicu na velikim platnima. Likovna radionica se odr\u017eavala svakog dana od 17 do 20 \u010dasova. Poslednjeg dana predstavljeni su radovi nastali na ovoj radionici, a tokom trajanja celog festivala posetioci su imali priliku da pogledaju Izlo\u017ebu radova sa festivalskih radionica od 2009. do 2019. godine. Akademska slikarka iz Subotice. <strong>Ljiljana Horvat<\/strong> odr\u017eala je body painting radionicu, SummerDaDa radionicu vodio je <strong>Vladimir Milojkovi\u0107<\/strong> a poeziju na Summer3p doneo je <strong>Knji\u017eevni klub za mlade <\/strong>iz Subotice, koji radi i stvara pod okriljem Fondacije Danilo Ki\u0161.<\/p>\n<p><img loading=\"lazy\" decoding=\"async\" class=\"aligncenter wp-image-5559 size-full\" src=\"http:\/\/summer3p.org\/wp-content\/uploads\/2019\/07\/DSC_8835_resize3.jpg\" alt=\"\" width=\"1350\" height=\"901\" \/><\/p>\n<p>Kao i ranijih godina, tokom trajanja festivala, svakog dana od 17 do 20 \u010dasova, street art umetnik <strong>Otto Zakar (TNG)<\/strong> odr\u017eao je stencil art radionicu u kojoj su svi zainteresovani nau\u010dili kako da naprave \u0161ablone za crtanje, i kako da ih preslikaju na platno ili majicu. Svi koji su doneli majicu, birali su motive i ku\u0107i odneli jedinstvenu uspomenu.<\/p>\n<p>Bila je postavljena i izlo\u017eba fotografija \u201cSummer3p Festival Nasle\u0111e \u00d6r\u00f6ks\u00e9g Heritage 2003-2018\u201d.<\/p>\n<p>Ni ove godine organizatori nisu zaboravili na sport, rekreaciju i zdrav \u017eivot.<\/p>\n<p>Joga programe u poslepodnevnim \u010dasovima na obali jezera\u00a0 predstavili su<strong> Zsolt Erd\u00e9lyi i Nagy Bogl\u00e1rka<\/strong>.<\/p>\n<p>Summer3p festival podr\u017eali su Grad Subotica, AP Vojvodina, Kancelarija za mlade Subotica i Fondacija \u201eDanilo Ki\u0161\u201c.<\/p>","protected":false},"excerpt":{"rendered":"<p>Sedamnaesti Summer3p festival, koji se odr\u017eao od 26. do 28. jula na atraktivnoj lokaciji Mu\u0161kog \u0161tranda kraj Pali\u0107kog jezera, posetilo je vi\u0161e od 5.000 ljudi, uprkos ki\u0161i koja je padala&#8230;<\/p>","protected":false},"author":1,"featured_media":5557,"comment_status":"open","ping_status":"open","sticky":false,"template":"","format":"standard","meta":{"footnotes":""},"categories":[1],"tags":[],"class_list":["post-5556","post","type-post","status-publish","format-standard","has-post-thumbnail","hentry","category-uncategorized"],"_links":{"self":[{"href":"https:\/\/summer3p.org\/en\/wp-json\/wp\/v2\/posts\/5556","targetHints":{"allow":["GET"]}}],"collection":[{"href":"https:\/\/summer3p.org\/en\/wp-json\/wp\/v2\/posts"}],"about":[{"href":"https:\/\/summer3p.org\/en\/wp-json\/wp\/v2\/types\/post"}],"author":[{"embeddable":true,"href":"https:\/\/summer3p.org\/en\/wp-json\/wp\/v2\/users\/1"}],"replies":[{"embeddable":true,"href":"https:\/\/summer3p.org\/en\/wp-json\/wp\/v2\/comments?post=5556"}],"version-history":[{"count":3,"href":"https:\/\/summer3p.org\/en\/wp-json\/wp\/v2\/posts\/5556\/revisions"}],"predecessor-version":[{"id":6032,"href":"https:\/\/summer3p.org\/en\/wp-json\/wp\/v2\/posts\/5556\/revisions\/6032"}],"wp:featuredmedia":[{"embeddable":true,"href":"https:\/\/summer3p.org\/en\/wp-json\/wp\/v2\/media\/5557"}],"wp:attachment":[{"href":"https:\/\/summer3p.org\/en\/wp-json\/wp\/v2\/media?parent=5556"}],"wp:term":[{"taxonomy":"category","embeddable":true,"href":"https:\/\/summer3p.org\/en\/wp-json\/wp\/v2\/categories?post=5556"},{"taxonomy":"post_tag","embeddable":true,"href":"https:\/\/summer3p.org\/en\/wp-json\/wp\/v2\/tags?post=5556"}],"curies":[{"name":"wp","href":"https:\/\/api.w.org\/{rel}","templated":true}]}}