{"id":845,"date":"2017-06-23T20:41:14","date_gmt":"2017-06-23T20:41:14","guid":{"rendered":"http:\/\/summer3p.concordsoft.com\/?p=845"},"modified":"2018-05-12T11:56:16","modified_gmt":"2018-05-12T11:56:16","slug":"petar-pan-sa-severa-srbije-15-godina-kreativnosti-i-aktivizma-na-summer3p-festivalu","status":"publish","type":"post","link":"https:\/\/summer3p.org\/en\/petar-pan-sa-severa-srbije-15-godina-kreativnosti-i-aktivizma-na-summer3p-festivalu\/","title":{"rendered":"Petar Pan sa severa Srbije \u2013 15. godina kreativnosti i aktivizma na Summer3p festivalu"},"content":{"rendered":"<p>Summer3p je muzi\u010dki festival koji neguje savremenu umetnost i gra\u0111anski aktivizam, a predstoje\u0107e jubilarno 15. izdanje, koje \u0107e se odr\u017eati od 20. do 23. jula na Termalnim bazenima i Mu\u0161kom \u0161trandu na Pali\u0107u, predstavi\u0107e uzbudljiv mix umetni\u010dkih sadr\u017eaja, raznovrsnih radioni\u010darskih programa, uz ve\u0107 tradicionalne sportske aktivnosti.<\/p>\n<p>Akademski slikar iz Subotice Emil Kadri\u0107, koji brine o likovnom segmentu festivala, rezimira prvih 15 godina, koje je obele\u017eio veliki broj razli\u010dtih umetni\u010dkih i kreativnih programa na Summer3p festivalu: \u201eIstina je. Vreme je relativan pojam&#8230; Svima nama&#8230;u\u010desnicima, volonterima, saradnicima, organizatorima i posetiocima Summer3p fenomena, petnaest godina je projurilo kao da se doga\u0111ao svaki drugi vikend, a mi svi nekako ostali mladi, zarobljeni u julu, opijeni magi\u010dnom atmosferom ravni\u010darskog jezera sa severa Srbije. Sam S3P na Pali\u0107u se svih ovih godina uspe\u0161no opirao pretencioznom sazrevanju, kao kakav buntovni tinejd\u017eer&#8230; Kao &#8222;Petar Pan usred Nedo\u0111ije&#8220;. Zauvek mlad&#8230;evergreen, forever young&#8230;Ali ne i sebi\u010dno infantilan. Od samog po\u010detka S3P festival je bio motivisan i anga\u017eovan u promovisanju vrednosti kao \u0161to su prijateljstvo, saradnja, umetnost, ljubav, tolerancija, ekolo\u0161ka svest, zdrava zabava i naravno, dobra muzika. Kroz mnoge uspe\u0161ne akcije, projekte i radionice \u0161irokog spektra, od kojih je jedna i likovna radionica, provla\u010dila se jednostavna i mo\u0107na poruka koja nas je motivisala svih ovih godina: &#8222;Stop nasilju, \u010duvajmo prirodu.&#8220;<\/p>\n<p>Ove godine je Summer3p festival celokupnu izlozbu, rezultat petnaestogodi\u0161njeg kolektivnog rada nebrojenih u\u010desnika likovnog programa, prikazao beogradskoj publici na mladom i perspektivnom umetni\u010dkom festivalu Dev9t sa kojim, nagla\u0161ava Emil \u201eOd prvog izdanja imamo, rekao bih, pobratimske odnose, zajedni\u010dke vrednosti i blisku reciprocitetnu saradnju\u201c.<\/p>\n<p>Beogradski festival ima\u0107e zaseban segment u vidu izlo\u017ebe na predstoje\u0107em 15. Summer3pu, koji Emil sa velikim zadovoljstvom najavljuje: \u201eIzuzetno mi je drago sto \u0107emo ove godine ugostiti prijatelje sa festivala Dev9t i omogu\u0107iti na\u0161im posetiocima da vide neke od impresivnih umetni\u010dkih dela. I \u0161to je jo\u0161 va\u017enije, da se upoznaju i dru\u017ee sa autorima, razmene ideje i iskustva. Nakon toga, svima bih prepou\u010dio da se dobro zabave i u\u017eivaju u isuvi\u0161e opu\u0161tenoj atmosferi Pali\u0107kog jezera &#8211; na\u0161e &#8222;Nedo\u0111ije&#8220; sa severa Srbije\u201c.<\/p>\n<p>Likovna radionica, koja pod vo\u0111stvom Emila Kadri\u0107a ima tradiciju dugu 13 godina na festivalu, odr\u017eava\u0107e se svakog dana od 17 do 20 \u010dasova tokom trajanja festivala i otvorena je za sve zainteresovane, bez prethodnog prijavljivanje. Izlo\u017eba radova \u0107e se odr\u017eati na dan zatvaranja festivala.<\/p>\n<p>Tokom trajanja festivala, svakog dana od 17 do 21 i od 23 do 01h, street art umetnik Otto Zakar (umetni\u010dko ime -TNG)dekorisa\u0107e festivalski prostor razli\u010ditim tipovima grafita (dve tehnike: &#8220;stencil art&#8220; &#8211; upotrebom \u0161ablona za crtanje i crtanje pixelima), a kreira\u0107e i unikatne majice posetiocima, dok \u0107e Tibor Liptak u petak, 21. jula (23-02h) i u nedelju u predve\u010dernjim satima, odr\u017eati zanimljivu frizersku i \u0161minkersku prezentaciju.<\/p>\n<p>Na prostoru Mu\u0161kog \u0161tranda deca uzrasta od 3 do 12 godina u\u010di\u0107e poslednjeg festivalskog dana, uz pomo\u0107 \u010dlanova kluba ekstremnih sportova Ground Level, razli\u010dite tehnike vo\u017enje bicikla u okviru programa \u201eStaza spretnosti\u201c.<\/p>\n<p>Summer3p festival se i ove godine bavi va\u017enim ekolo\u0161kim i dru\u0161tvenim temama, tako \u0107e poslednjeg festivalskog dana biti odr\u017eana Javna prezentacija trenutnog statusa ekolo\u0161kog projekta za\u0161tite biodiverziteta jezera Pali\u0107 i Luda\u0161 pod nazivom \u201eKada \u0107emo se ponovo kupati u Pali\u0107u?&#8220;\u201c. Govori\u0107e Michell Rohmann (dipl. hidrolog, savetnik na projektu), a prezentacija \u0107e biti odr\u017eana u nedelju, 23. jula, u okviru Porodi\u010dnog dana predstoje\u0107eg festivala.<\/p>\n<p>Organizatori Summer3p festivala su se trudili da i ove godine zadovolje najrazli\u010ditija interesovanja posetilaca organizuju\u0107i razli\u010dite radionice i niz sportskih aktivnosti. Pored likovne, bi\u0107e odr\u017eana i poetska radionica koju \u0107e voditi Vladimir Milojkovi\u0107.<\/p>\n<p>Sportska radionica:Svakog dana tokom trajanja festivala od 17 do 21h odr\u017eava\u0107e se sportski turniri u odbojci na pesku i speedmintonu. Koordinator radionice je Armin Halas.<\/p>\n<p>Za u\u010de\u0161\u0107e u radionicama dnevnog programa festivala prijave mo\u017eete poslati na email workshop3p@gmail.com.<\/p>\n<p>Yoga program:Ispred Auroville tabora Zsolt Erd\u00e9lyi i Nagy Bogl\u00e1rka iz Ma\u0111arske, sa svojim specifi\u010dnim programom Laughing Yoga i Watsu vodenom masa\u017eom bi\u0107e posebni gosti i ovogodi\u0161njeg Summer3p festivala. Program \u0107e se odr\u017eavati u periodu od 20. do 23. jula u jutarnjim i popodnevnim terminima.<\/p>\n<p>Tako\u0111e, bi\u0107e odr\u017ean i Fitness3p pod nazivomBoost your body \u2013 veoma raznovrstan i zabavan Aerobik &amp; Fitness program u petak, subotu i nedelju, koji \u0107e naravno pratiti odli\u010dna muzika a koordinator Fitness3p programa bi\u0107e Emina Savin (N centar).<\/p>\n<p>Posebno smo ponosni na na\u0161u SuTeam \u0161kolu sporta koja je namenjena deci uzrasta od 4 do 9 godina. Cilj ovog programa je da deca nau\u010de osnove sportova zastupljenih u na\u0161em okru\u017eenju: gimnastika, atletika, fudbal, odbojka, ko\u0161arka, plivanje\u2026, kao i druge, manje zastupljene sportove kao \u0161to je jedrenje na vodi. Sa decom \u0107e isklju\u010divo raditi adekvatno obrazovan stru\u010dni kadar \u2013 diplomirani profesori sporta i fizi\u010dkog vaspitanja i apsolventi Fakulteta za sport i fizi\u010dko vaspitanje. Aktivnosti SuTeam \u0161kole sporta bi\u0107e odr\u017eaneu subotu 22. jula i nedelju 23. jula u popodnevnim \u010dasovima.<\/p>\n<p>Vi\u0161e informacija o radionicama i dnevnim programimamo\u017eete prona\u0107i na sajtu festivala &#8211; www.summer3p.org<\/p>\n<p>Dnevni program Summer3p festivala se realizuje u saradnji sa Kancelarijom za mlade Grada Subotice i Fondacijom za omladinsku kulturu i stvarala\u0161tvo \u201eDanilo Ki\u0161\u201c iz Subotice.<\/p>\n<p>Petnaesto, jubilarno izdanjeSummer3p festivala odr\u017ea\u0107e se od 20. do 23.jula na Termalnim bazenima i Mu\u0161kom \u0161trandu kraj jezera Pali\u0107 uz verovatno najatraktiviniji muzi\u010dki program do sad i jedinstven miks kvalitetne zabave i atraktivnih kulturnih sadr\u017eaja, uz obaveznu dozu aktivizma.<\/p>\n<p>U okviru muzi\u010dkog programa nas o\u010dekuje preko 20 izvo\u0111a\u010da, na Moon Stageu izme\u0111u ostalih nastupi\u0107e superstar duo iz Severne Irske \u2013 Loco &amp; Jam, zatim popularni nema\u010dki DJ Eric Sneo, doma\u0107a zvezda Ilija \u0110okovi\u0107, dok nam sa Malte dolazi Daniel Blade, a iz Hrvatske Andrologic. Tu je jo\u0161 jedan istaknuti predstavnik regionalne plesne scene Hibrid(BiH), kao i najbolja selekcija suboti\u010dkih DJ-eva&#8230;<\/p>\n<p>Organizator Summer3p festivala je NVO A\u0160C.<\/p>\n<p>Summer3pfestival podr\u017eavaju: Grad Subotica, AP Vojvodina, Kancelarija za mlade Subotica i Fondacija \u201eDanilo Ki\u0161\u201c.<\/p>\n<p>Summer3p online:<\/p>\n<p>www.summer3p.org<\/p>\n<p>www.facebook.com\/summer3p<\/p>\n<p>www.instagram.com\/summer3p_festival<\/p>","protected":false},"excerpt":{"rendered":"<p>Summer3p je muzi\u010dki festival koji neguje savremenu umetnost i gra\u0111anski aktivizam, a predstoje\u0107e jubilarno 15. izdanje, koje \u0107e se odr\u017eati od 20. do 23. jula na Termalnim bazenima i Mu\u0161kom&#8230;<\/p>","protected":false},"author":1,"featured_media":990,"comment_status":"open","ping_status":"open","sticky":false,"template":"","format":"standard","meta":{"footnotes":""},"categories":[1],"tags":[],"class_list":["post-845","post","type-post","status-publish","format-standard","has-post-thumbnail","hentry","category-uncategorized"],"_links":{"self":[{"href":"https:\/\/summer3p.org\/en\/wp-json\/wp\/v2\/posts\/845","targetHints":{"allow":["GET"]}}],"collection":[{"href":"https:\/\/summer3p.org\/en\/wp-json\/wp\/v2\/posts"}],"about":[{"href":"https:\/\/summer3p.org\/en\/wp-json\/wp\/v2\/types\/post"}],"author":[{"embeddable":true,"href":"https:\/\/summer3p.org\/en\/wp-json\/wp\/v2\/users\/1"}],"replies":[{"embeddable":true,"href":"https:\/\/summer3p.org\/en\/wp-json\/wp\/v2\/comments?post=845"}],"version-history":[{"count":1,"href":"https:\/\/summer3p.org\/en\/wp-json\/wp\/v2\/posts\/845\/revisions"}],"predecessor-version":[{"id":846,"href":"https:\/\/summer3p.org\/en\/wp-json\/wp\/v2\/posts\/845\/revisions\/846"}],"wp:featuredmedia":[{"embeddable":true,"href":"https:\/\/summer3p.org\/en\/wp-json\/wp\/v2\/media\/990"}],"wp:attachment":[{"href":"https:\/\/summer3p.org\/en\/wp-json\/wp\/v2\/media?parent=845"}],"wp:term":[{"taxonomy":"category","embeddable":true,"href":"https:\/\/summer3p.org\/en\/wp-json\/wp\/v2\/categories?post=845"},{"taxonomy":"post_tag","embeddable":true,"href":"https:\/\/summer3p.org\/en\/wp-json\/wp\/v2\/tags?post=845"}],"curies":[{"name":"wp","href":"https:\/\/api.w.org\/{rel}","templated":true}]}}